{"id":979,"date":"2025-02-27T15:28:28","date_gmt":"2025-02-27T14:28:28","guid":{"rendered":"https:\/\/agirreinberlin.eus\/biografie-jose-a-agirre\/"},"modified":"2025-03-05T13:38:15","modified_gmt":"2025-03-05T12:38:15","slug":"biografie-jose-a-agirre","status":"publish","type":"post","link":"https:\/\/agirreinberlin.eus\/de\/biografie-jose-a-agirre\/","title":{"rendered":"Biografie Jos\u00e9 A. Agirre"},"content":{"rendered":"<style>.kb-row-layout-id979_61162e-23 > .kt-row-column-wrap{align-content:start;}:where(.kb-row-layout-id979_61162e-23 > .kt-row-column-wrap) > .wp-block-kadence-column{justify-content:start;}.kb-row-layout-id979_61162e-23 > .kt-row-column-wrap{column-gap:var(--global-kb-gap-md, 2rem);row-gap:var(--global-kb-gap-md, 2rem);padding-top:var(--global-kb-spacing-sm, 1.5rem);padding-bottom:var(--global-kb-spacing-sm, 1.5rem);grid-template-columns:repeat(2, minmax(0, 1fr));}.kb-row-layout-id979_61162e-23 > .kt-row-layout-overlay{opacity:0.30;}@media all and (max-width: 1024px){.kb-row-layout-id979_61162e-23 > .kt-row-column-wrap{grid-template-columns:repeat(2, minmax(0, 1fr));}}@media all and (max-width: 767px){.kb-row-layout-id979_61162e-23 > .kt-row-column-wrap{grid-template-columns:minmax(0, 1fr);}}<\/style><div class=\"kb-row-layout-wrap kb-row-layout-id979_61162e-23 alignnone wp-block-kadence-rowlayout\"><div class=\"kt-row-column-wrap kt-has-2-columns kt-row-layout-equal kt-tab-layout-inherit kt-mobile-layout-row kt-row-valign-top\">\n<style>.kadence-column979_a44e72-3f > .kt-inside-inner-col,.kadence-column979_a44e72-3f > .kt-inside-inner-col:before{border-top-left-radius:0px;border-top-right-radius:0px;border-bottom-right-radius:0px;border-bottom-left-radius:0px;}.kadence-column979_a44e72-3f > .kt-inside-inner-col{column-gap:var(--global-kb-gap-sm, 1rem);}.kadence-column979_a44e72-3f > .kt-inside-inner-col{flex-direction:column;}.kadence-column979_a44e72-3f > .kt-inside-inner-col > .aligncenter{width:100%;}.kadence-column979_a44e72-3f > .kt-inside-inner-col:before{opacity:0.3;}.kadence-column979_a44e72-3f{position:relative;}@media all and (max-width: 1024px){.kadence-column979_a44e72-3f > .kt-inside-inner-col{flex-direction:column;}}@media all and (max-width: 767px){.kadence-column979_a44e72-3f > .kt-inside-inner-col{flex-direction:column;}}<\/style>\n<div class=\"wp-block-kadence-column kadence-column979_a44e72-3f\"><div class=\"kt-inside-inner-col\"><style>.kb-image979_f5fe0c-e2 .kb-image-has-overlay:after{opacity:0.3;}<\/style>\n<figure class=\"wp-block-kadence-image kb-image979_f5fe0c-e2 size-full\"><img loading=\"lazy\" decoding=\"async\" width=\"400\" height=\"621\" src=\"https:\/\/agirreinberlin.eus\/wp-content\/uploads\/2025\/02\/biografia.webp\" alt=\"\" class=\"kb-img wp-image-579\"\/><\/figure>\n\n\n<style>.wp-block-kadence-advancedheading.kt-adv-heading979_ef9df8-bf, .wp-block-kadence-advancedheading.kt-adv-heading979_ef9df8-bf[data-kb-block=\"kb-adv-heading979_ef9df8-bf\"]{font-size:var(--global-kb-font-size-sm, 0.9rem);font-style:normal;}.wp-block-kadence-advancedheading.kt-adv-heading979_ef9df8-bf mark.kt-highlight, .wp-block-kadence-advancedheading.kt-adv-heading979_ef9df8-bf[data-kb-block=\"kb-adv-heading979_ef9df8-bf\"] mark.kt-highlight{font-style:normal;color:#f76a0c;-webkit-box-decoration-break:clone;box-decoration-break:clone;padding-top:0px;padding-right:0px;padding-bottom:0px;padding-left:0px;}<\/style>\n<p class=\"kt-adv-heading979_ef9df8-bf wp-block-kadence-advancedheading\" data-kb-block=\"kb-adv-heading979_ef9df8-bf\">Mai 1931 \u2013 Jos\u00e9 Antonio Agirre Lekube als Parlamentarier<br>\u24b8 Sabino Arana Fundazioa<\/p>\n<\/div><\/div>\n\n\n<style>.kadence-column979_90919f-2a > .kt-inside-inner-col,.kadence-column979_90919f-2a > .kt-inside-inner-col:before{border-top-left-radius:0px;border-top-right-radius:0px;border-bottom-right-radius:0px;border-bottom-left-radius:0px;}.kadence-column979_90919f-2a > .kt-inside-inner-col{column-gap:var(--global-kb-gap-sm, 1rem);}.kadence-column979_90919f-2a > .kt-inside-inner-col{flex-direction:column;}.kadence-column979_90919f-2a > .kt-inside-inner-col > .aligncenter{width:100%;}.kadence-column979_90919f-2a > .kt-inside-inner-col:before{opacity:0.3;}.kadence-column979_90919f-2a{position:relative;}@media all and (max-width: 1024px){.kadence-column979_90919f-2a > .kt-inside-inner-col{flex-direction:column;}}@media all and (max-width: 767px){.kadence-column979_90919f-2a > .kt-inside-inner-col{flex-direction:column;}}<\/style>\n<div class=\"wp-block-kadence-column kadence-column979_90919f-2a\"><div class=\"kt-inside-inner-col\"><style>.wp-block-kadence-advancedheading.kt-adv-heading979_62a943-37, .wp-block-kadence-advancedheading.kt-adv-heading979_62a943-37[data-kb-block=\"kb-adv-heading979_62a943-37\"]{font-style:normal;}.wp-block-kadence-advancedheading.kt-adv-heading979_62a943-37 mark.kt-highlight, .wp-block-kadence-advancedheading.kt-adv-heading979_62a943-37[data-kb-block=\"kb-adv-heading979_62a943-37\"] mark.kt-highlight{font-style:normal;color:#f76a0c;-webkit-box-decoration-break:clone;box-decoration-break:clone;padding-top:0px;padding-right:0px;padding-bottom:0px;padding-left:0px;}<\/style>\n<p class=\"kt-adv-heading979_62a943-37 wp-block-kadence-advancedheading\" data-kb-block=\"kb-adv-heading979_62a943-37\"><strong>\/\/ Jos\u00e9 Antonio Agirre (Bilbao 1904 \u2013 Paris 1960)<\/strong><br>Der erste baskische Pr\u00e4sident, Jos\u00e9 Antonio Agirre Lekube, wurde am 6. M\u00e4rz 1904 in eine Familie hineingeboren, die einerseits den baskischen Traditionen verhaftet war, andererseits sich der neuen industriellen Entwicklung angepasst hatte. Sein Vater Teodoro war Rechtsanwalt und Unternehmer.<br>Wie viele Kinder der lokalen Elite besuchte Agirre zwischen 1915 und 1920 das Jesuiten-Kolleg in Urdu\u00f1a. Dort stach er als guter Sch\u00fcler hervor und zeigte erstmalig seine F\u00fchrungsqualit\u00e4ten. Obwohl 1920 sein Vater pl\u00f6tzlich starb, erlaubte es ihm die wirtschaftliche Stellung seiner Familie, sein Studium an der ebenfalls von Jesuiten gef\u00fchrten Universit\u00e4t von Deusto (Bilbao) fortzusetzen. Agirre schloss sein Jura-Studium 1925 ab.<br>1930 geh\u00f6rte er zu den Schl\u00fcsselpersonen, die halfen, die innere Spaltung des Partido Nacionalista Vasco (PNV, Baskisch Nationalistische Partei) zu \u00fcberwinden. Dessen Gr\u00fcnder und historischer Anf\u00fchrer, Sabino Arana, hatte bereits Agirres Vater vor spanischen Gerichten mit verteidigt.    <\/p>\n<\/div><\/div>\n\n<\/div><\/div>\n\n\n<p>Als Folge aus den Kommunalwahlen vom 12. April 1931 rief man zwei Tage danach zuerst in Eibar (Gipuzkoa) und wenige Stunden sp\u00e4ter im gesamten spanischen Staat die Republik aus. Agirre initiierte als neugew\u00e4hlter B\u00fcrgermeister von Getxo in Anlehnung an die Ereignisse in Katalonien eine Bewegung, die versuchte, eine baskische Republik mit einer spanischen Bundesrepublik in Einklang zu bringen. In Katalonien hatten republikanische Politiker mit spanischen Parteif\u00fchrern ausgehandelt, die Selbstregierung wiedereinzuf\u00fchren. Dieses Vorhaben konnten sie innerhalb weniger Tage umsetzen.  <\/p>\n\n\n\n<p>Die f\u00fcnf Jahre zwischen April 1931 und Juli 1936 ver\u00e4nderten den PNV tiefgreifend: Er wandelte sich von einer integristischen Partei hin zu einer der demokratischen Mitte, republikanisch und mit einer progressiven christlich-sozialen Ideologie, ohne aber den Nationalismus aufzugeben. Bei diesem ideologischen Richtungswechsel spielten Agirre und die neue Generation von F\u00fchrungskr\u00e4ften, die er leitete, eine grundlegende Rolle, obwohl er niemals ein Parteiamt innehatte. <\/p>\n\n\n\n<p>Aufgrund des Wahlsieges der republikanischen und linken Kr\u00e4fte war es 1936 endlich m\u00f6glich, auch ein Autonomiestatut f\u00fcr das Baskenland umzusetzen. Agirre nahm ebenfalls an diesem Projekt teil. Aber am 17.\/18. Juli 1936 putschten u.a. die Generale Francisco Franco und Emilio Mola gegen die Republik.  <\/p>\n\n\n\n<p>In Euskadi erhielt der Aufstand wie auch im gesamten spanischen Staat zwei Gesichter, nachdem aus dem gescheiterten Staatsstreich ein B\u00fcrgerkrieg geworden war. Das Baskenland wurde zweigeteilt: Die Provinzen Bizkaia und Gipuzkoa standen zur Republik; in Araba und Nafarroa siegten die Putschisten. Der PNV entschied sich f\u00fcr die Republik, weil er eine demokratische Partei der Mitte mit einer sozialen Ausrichtung war, die die Verteilung des Reichtums derart suchte, dass die daraus resultierende Gesellschaft \u00fcber die gr\u00f6\u00dftm\u00f6gliche Mittelschicht verf\u00fcgen w\u00fcrde. Er blieb weiter eine nationalistische Partei, nutzte aber auch die politischen Chancen, die sich ihm boten. Obwohl seine katholische Konfessionalit\u00e4t ihn in Richtung der Putschisten dr\u00e4ngte, konnte er sich mit ihnen nicht verb\u00fcnden, weil sie gegen alles standen, was der baskische Nationalismus anstrebte.   <\/p>\n\n\n\n<p>Die republikanischen Kr\u00e4fte warben beim PNV, damit er einer Mehrparteien-Regierung beitr\u00e4te; die Partei forderte ihrerseits die Verabschiedung des Autonomiestatuts. Es wurde am 1. Oktober 1936 verabschiedet. Am 7. Oktober legte Agirre in Gernika seinen Amtseid als <em>Lehendakari <\/em>(baskischer Pr\u00e4sident) ab. Von diesem Augenblick an setzte der PNV sich f\u00fcr die Verteidigung und die Weiterentwicklung von Euskadi ein. Ausgehend von einem Minimalstatut und den Vorteilen, die ihm der Krieg bot, wie zum Beispiel die Abtrennung des baskischen Gebiets vom \u00fcbrigen Gebiet der Republik, schuf der Nationalismus ein fast unabh\u00e4ngiges Euskadi.    <\/p>\n\n\n\n<p>Gleichwohl waren die von Franco gef\u00fchrten Truppen st\u00e4rker \u2013 dank der Hilfe aus NS-Deutschland und dem faschistischen Italien.<\/p>\n\n\n\n<p>Der Kampf der baskischen Armee endete im August 1937, als sie sich den Italienern ergab. Trotzdem bestanden die baskischen Institutionen fort: Die baskische Regierung ging nach Paris und Barcelona ins Exil. Agirre und sein Kabinett unterhielten dort ein weites Netz an Unterk\u00fcnften, Schulen, Krankenh\u00e4usern und Vertretungen, um den Menschen im Exil zu helfen und die baskische Frage zu internationalisieren.   <\/p>\n\n\n\n<p>Am 5. Februar 1937 begleitete Agirre seinen katalanischen Amtskollegen Lluis Companys (1882-1940) ins Exil.<\/p>\n\n\n\n<p>Bei Beginn des Zweiten Weltkrieg z\u00f6gerte Agirre nicht, das ihm unterstehende Personal den Alliierten zur Verf\u00fcgung zu stellen. Gleichzeitig lebten zahlreiche seiner Familienangeh\u00f6rigen in Belgien im Exil. Am 8. Mai 1940 reiste er mit Frau und Kindern nach Le Panne bei D\u00fcnkirchen, um sich dort mit ihnen zu treffen. Am 10. Mai begannen die Deutschen ihre Offensive gegen die Benelux-Staaten und Frankreich. Agirres Plan, per Schiff nach England zu fliehen, scheiterte. Angesichts des deutschen Vormarsches entschied er sich, seine Familie zu verlassen und sich zun\u00e4chst bei den Jesuiten in Br\u00fcssel zu verstecken. W\u00e4hrend er sich an verschiedenen Ort aufhielt, gelang es dem Lehendakari auch, sich dank des Konsuls von Panama, Germ\u00e1n Gil Guardia Ja\u00e9n, eine falsche Identit\u00e4t zu verschaffen. Der Diplomat besorgte ihm einen echten Reisepass seines Landes, versah ihn aber mit der falschen Identit\u00e4t des \u201eDr. iur. Jos\u00e9 Andr\u00e9s \u00c1lvarez Lastra\u201d. Au\u00dfer dem Namen Agirre \u00e4nderte auch sein Aussehen: Er lie\u00df sich einen Schnurbart stehen und trug Brille. Da f\u00fcr ihn eine Flucht \u00fcber Frankreich oder Portugal nicht in Betracht kam, regte Guardia Ja\u00e9n an, \u00fcber eine Ausreise gen Griechenland oder die Sowjetunion&nbsp; nachzudenken \u2013 aber \u00fcber Deutschland.         <\/p>\n\n\n\n<p>Mit diesen Pl\u00e4nen und der Abdeckung durch einige s\u00fcdamerikanische Diplomaten begab sich Agirre am 7. Januar 1941 nach Hamburg. In der Hansestadt und sp\u00e4ter dann in Berlin verblieb er bis zum 23. Mai 1941. Seine Erlebnisse in Hitlers Reich hielt er in einem Tagebuch fest, das der Dreh- und Angelpunkt dieses Projekts zu <em>Agirre in Berlin<\/em> ist. Dank seiner Diplomaten-Freunde gelang es ihm, sich mit seiner Frau und den beiden gemeinsamen Kindern in Berlin zu vereinen. Mari Zabala Aketxe benutzte den falschen Namen der Venezolanerin \u201cMar\u00eda Arrigorriaga\u201d, Witwe des Guerra.    <\/p>\n\n\n\n<p>Am 23. Mai 1941 erreichte die Familie Agirre-Zabala Schweden. Von dort reiste sie per Schiff am 31. Juli 1941 nach Brasilien weiter. Am 7. Oktober begab sie sich zun\u00e4chst nach Uruguay und dann am 15. nach Argentinien. Die Pr\u00e4sidenten beider L\u00e4nder empfingen Agirre. Am 4. November 1941 betrat er die USA, wo er sich zwei Tage sp\u00e4ter in New York niederlie\u00df. Dort nahm er eine Dozentenstelle an der Colombia University an.   <\/p>\n\n\n\n<p>Agirre \u00fcberlebte den Gang durch das deutschbesetzte Europa, w\u00e4hrend Companys verhaftet und an die Franquisten ausgeliefert wurde, die ihn exekutierten. Seinen politischen Rivalen, den ehemaligen spanischen Regierungschef Francisco Largo Caballero (1869-1946) nahmen die Deutschen ebenfalls gefangen, deportierten ihn aber ins KZ Sachsenhausen. Auf dem letzten St\u00fcck ihrer Flucht muss die Familie Agirre-Zabala Oranienburg passiert haben, wo sich besagtes Konzentrationslager befand.  <\/p>\n\n\n\n<p>Noch vor Ende des Zweiten Weltkriegs kehrte Agirre 1945 nach Paris zur\u00fcck. Dort versammelte er seine baskische Regierung. 1947 nahm er teil an der Bildung und Entwicklung der Nouvelles Equipes Internationales (NEI), den Vorl\u00e4ufern der Christdemokratie in Europa. Am 21. M\u00e4rz 1956 kehrte Agirre nach Berlin zur\u00fcck, um zusammen mit Robert Schuman (1886-1963) an einem Kongress der NEI beizuwohnen. Im September 1956 er\u00f6ffnete er den I. Baskischen Weltkongress in Paris, wo er Rechenschaft \u00fcber seine zwanzig Jahre als Pr\u00e4sident der baskischen Regierung ablegte.   <\/p>\n\n\n\n<p>Am 22. M\u00e4rz 1960 verstarb Jos\u00e9 Antonio Agirre unerwartet. An seinem Sarg legte sein Stellvertreter Jes\u00fas Mar\u00eda de Leizaola (1896-1989) den Amtseid als Lehendakari ab. <\/p>\n\n\n\n<p>I\u00f1aki Goiogana,<br>Historiker Sabino Arana Fundazioa<br>\u00dcbersetzung: Dr. Ingo Niebel <\/p>\n","protected":false},"excerpt":{"rendered":"<p>Mai 1931 \u2013 Jos\u00e9 Antonio Agirre Lekube als Parlamentarier\u24b8 Sabino Arana Fundazioa \/\/ Jos\u00e9 Antonio Agirre (Bilbao 1904 \u2013 Paris 1960)Der erste baskische Pr\u00e4sident, Jos\u00e9 Antonio Agirre Lekube, wurde am 6. M\u00e4rz 1904 in eine Familie hineingeboren, die einerseits den baskischen Traditionen verhaftet war, andererseits sich der neuen industriellen Entwicklung angepasst hatte. Sein Vater Teodoro&#8230;<\/p>\n","protected":false},"author":1,"featured_media":0,"comment_status":"open","ping_status":"open","sticky":false,"template":"","format":"standard","meta":{"_kad_blocks_custom_css":"","_kad_blocks_head_custom_js":"","_kad_blocks_body_custom_js":"","_kad_blocks_footer_custom_js":"","_kad_post_transparent":"","_kad_post_title":"","_kad_post_layout":"","_kad_post_sidebar_id":"","_kad_post_content_style":"","_kad_post_vertical_padding":"","_kad_post_feature":"","_kad_post_feature_position":"","_kad_post_header":false,"_kad_post_footer":false,"footnotes":""},"categories":[4],"tags":[],"class_list":["post-979","post","type-post","status-publish","format-standard","hentry","category-nicht-kategorisiert"],"taxonomy_info":{"category":[{"value":4,"label":"Nicht kategorisiert"}]},"featured_image_src_large":false,"author_info":{"display_name":"Sirope","author_link":"https:\/\/agirreinberlin.eus\/de\/author\/jon\/"},"comment_info":0,"category_info":[{"term_id":4,"name":"Nicht kategorisiert","slug":"nicht-kategorisiert","term_group":0,"term_taxonomy_id":4,"taxonomy":"category","description":"","parent":0,"count":4,"filter":"raw","cat_ID":4,"category_count":4,"category_description":"","cat_name":"Nicht kategorisiert","category_nicename":"nicht-kategorisiert","category_parent":0}],"tag_info":false,"_links":{"self":[{"href":"https:\/\/agirreinberlin.eus\/de\/wp-json\/wp\/v2\/posts\/979","targetHints":{"allow":["GET"]}}],"collection":[{"href":"https:\/\/agirreinberlin.eus\/de\/wp-json\/wp\/v2\/posts"}],"about":[{"href":"https:\/\/agirreinberlin.eus\/de\/wp-json\/wp\/v2\/types\/post"}],"author":[{"embeddable":true,"href":"https:\/\/agirreinberlin.eus\/de\/wp-json\/wp\/v2\/users\/1"}],"replies":[{"embeddable":true,"href":"https:\/\/agirreinberlin.eus\/de\/wp-json\/wp\/v2\/comments?post=979"}],"version-history":[{"count":1,"href":"https:\/\/agirreinberlin.eus\/de\/wp-json\/wp\/v2\/posts\/979\/revisions"}],"predecessor-version":[{"id":1006,"href":"https:\/\/agirreinberlin.eus\/de\/wp-json\/wp\/v2\/posts\/979\/revisions\/1006"}],"wp:attachment":[{"href":"https:\/\/agirreinberlin.eus\/de\/wp-json\/wp\/v2\/media?parent=979"}],"wp:term":[{"taxonomy":"category","embeddable":true,"href":"https:\/\/agirreinberlin.eus\/de\/wp-json\/wp\/v2\/categories?post=979"},{"taxonomy":"post_tag","embeddable":true,"href":"https:\/\/agirreinberlin.eus\/de\/wp-json\/wp\/v2\/tags?post=979"}],"curies":[{"name":"wp","href":"https:\/\/api.w.org\/{rel}","templated":true}]}}