{"id":928,"date":"2025-03-03T11:52:51","date_gmt":"2025-03-03T10:52:51","guid":{"rendered":"https:\/\/agirreinberlin.eus\/egunkarien-edizio-kritikoa\/"},"modified":"2025-03-10T09:34:34","modified_gmt":"2025-03-10T08:34:34","slug":"egunkarien-edizio-kritikoa","status":"publish","type":"post","link":"https:\/\/agirreinberlin.eus\/eu\/egunkarien-edizio-kritikoa\/","title":{"rendered":"Egunkarien edizio kritikoa"},"content":{"rendered":"<style>.kb-row-layout-id928_2fd1da-e6 > .kt-row-column-wrap{align-content:start;}:where(.kb-row-layout-id928_2fd1da-e6 > .kt-row-column-wrap) > .wp-block-kadence-column{justify-content:start;}.kb-row-layout-id928_2fd1da-e6 > .kt-row-column-wrap{column-gap:var(--global-kb-gap-md, 2rem);row-gap:var(--global-kb-gap-md, 2rem);padding-top:var(--global-kb-spacing-sm, 1.5rem);padding-bottom:var(--global-kb-spacing-sm, 1.5rem);grid-template-columns:repeat(2, minmax(0, 1fr));}.kb-row-layout-id928_2fd1da-e6 > .kt-row-layout-overlay{opacity:0.30;}@media all and (max-width: 1024px){.kb-row-layout-id928_2fd1da-e6 > .kt-row-column-wrap{grid-template-columns:repeat(2, minmax(0, 1fr));}}@media all and (max-width: 767px){.kb-row-layout-id928_2fd1da-e6 > .kt-row-column-wrap{grid-template-columns:minmax(0, 1fr);}}<\/style><div class=\"kb-row-layout-wrap kb-row-layout-id928_2fd1da-e6 alignnone wp-block-kadence-rowlayout\"><div class=\"kt-row-column-wrap kt-has-2-columns kt-row-layout-equal kt-tab-layout-inherit kt-mobile-layout-row kt-row-valign-top\">\n<style>.kadence-column928_4481f6-87 > .kt-inside-inner-col,.kadence-column928_4481f6-87 > .kt-inside-inner-col:before{border-top-left-radius:0px;border-top-right-radius:0px;border-bottom-right-radius:0px;border-bottom-left-radius:0px;}.kadence-column928_4481f6-87 > .kt-inside-inner-col{column-gap:var(--global-kb-gap-sm, 1rem);}.kadence-column928_4481f6-87 > .kt-inside-inner-col{flex-direction:column;}.kadence-column928_4481f6-87 > .kt-inside-inner-col > .aligncenter{width:100%;}.kadence-column928_4481f6-87 > .kt-inside-inner-col:before{opacity:0.3;}.kadence-column928_4481f6-87{position:relative;}@media all and (max-width: 1024px){.kadence-column928_4481f6-87 > .kt-inside-inner-col{flex-direction:column;}}@media all and (max-width: 767px){.kadence-column928_4481f6-87 > .kt-inside-inner-col{flex-direction:column;}}<\/style>\n<div class=\"wp-block-kadence-column kadence-column928_4481f6-87\"><div class=\"kt-inside-inner-col\"><style>.kb-image928_1b1171-c5 .kb-image-has-overlay:after{opacity:0.3;}<\/style>\n<figure class=\"wp-block-kadence-image kb-image928_1b1171-c5 size-full\"><img loading=\"lazy\" decoding=\"async\" width=\"400\" height=\"586\" src=\"https:\/\/agirreinberlin.eus\/wp-content\/uploads\/2025\/03\/edicion-critica.webp\" alt=\"\" class=\"kb-img wp-image-587\"\/><\/figure>\n\n\n<style>.wp-block-kadence-advancedheading.kt-adv-heading928_50affa-70, .wp-block-kadence-advancedheading.kt-adv-heading928_50affa-70[data-kb-block=\"kb-adv-heading928_50affa-70\"]{font-size:var(--global-kb-font-size-sm, 0.9rem);font-style:normal;}.wp-block-kadence-advancedheading.kt-adv-heading928_50affa-70 mark.kt-highlight, .wp-block-kadence-advancedheading.kt-adv-heading928_50affa-70[data-kb-block=\"kb-adv-heading928_50affa-70\"] mark.kt-highlight{font-style:normal;color:#f76a0c;-webkit-box-decoration-break:clone;box-decoration-break:clone;padding-top:0px;padding-right:0px;padding-bottom:0px;padding-left:0px;}<\/style>\n<p class=\"kt-adv-heading928_50affa-70 wp-block-kadence-advancedheading\" data-kb-block=\"kb-adv-heading928_50affa-70\">1941\/06\/08 \u2013 Jose Antonio Agirre Lekube, bizi izan zen etxeko lorategian.<br>\u24b8 Sabino Arana Fundazioa<\/p>\n<\/div><\/div>\n\n\n<style>.kadence-column928_b7f81d-ff > .kt-inside-inner-col,.kadence-column928_b7f81d-ff > .kt-inside-inner-col:before{border-top-left-radius:0px;border-top-right-radius:0px;border-bottom-right-radius:0px;border-bottom-left-radius:0px;}.kadence-column928_b7f81d-ff > .kt-inside-inner-col{column-gap:var(--global-kb-gap-sm, 1rem);}.kadence-column928_b7f81d-ff > .kt-inside-inner-col{flex-direction:column;}.kadence-column928_b7f81d-ff > .kt-inside-inner-col > .aligncenter{width:100%;}.kadence-column928_b7f81d-ff > .kt-inside-inner-col:before{opacity:0.3;}.kadence-column928_b7f81d-ff{position:relative;}@media all and (max-width: 1024px){.kadence-column928_b7f81d-ff > .kt-inside-inner-col{flex-direction:column;}}@media all and (max-width: 767px){.kadence-column928_b7f81d-ff > .kt-inside-inner-col{flex-direction:column;}}<\/style>\n<div class=\"wp-block-kadence-column kadence-column928_b7f81d-ff\"><div class=\"kt-inside-inner-col\"><style>.wp-block-kadence-advancedheading.kt-adv-heading928_93cb3d-87, .wp-block-kadence-advancedheading.kt-adv-heading928_93cb3d-87[data-kb-block=\"kb-adv-heading928_93cb3d-87\"]{font-style:normal;}.wp-block-kadence-advancedheading.kt-adv-heading928_93cb3d-87 mark.kt-highlight, .wp-block-kadence-advancedheading.kt-adv-heading928_93cb3d-87[data-kb-block=\"kb-adv-heading928_93cb3d-87\"] mark.kt-highlight{font-style:normal;color:#f76a0c;-webkit-box-decoration-break:clone;box-decoration-break:clone;padding-top:0px;padding-right:0px;padding-bottom:0px;padding-left:0px;}<\/style>\n<p class=\"kt-adv-heading928_93cb3d-87 wp-block-kadence-advancedheading\" data-kb-block=\"kb-adv-heading928_93cb3d-87\">Jose Antonio Agirre lehendakariaren egunkariaren edizio kritikoa I\u00f1aki Goiogana historialari eta Sabino Arana Fundazioko artxibozainak prestatu zuen 2010ean.<br>Agirreri buruzko informazio guztia, bere obra eta ikus-entzunezko funtsak <a href=\"http:\/\/www.lehendakariagirre.eu\" target=\"_blank\" rel=\"noopener\">www.lehendakariagirre.eu<\/a> web-gunean kontsultatu daitezke euskaraz, gazteleraz, inglesez eta frantsesez . Sabino Arana Fundazioak zuzendua, Agirre lehendariaren irudiaren nguruan aurki daitekeen datu-base osatuena da.<br>Edizio kritiko hau da, <em>Gernikatik New Yorkera Berlinetik pasatuz<\/em>, liburuaren pasarte batzuekin batera, Agirre in Berlin 1941-2016 proiektuaren muina. Testu hauek erabili ditugu oinarri Agirreren Berlingo egonaldiaren mapa osatzeko; lehen euskal lehendakariaren ikuspuntu pertsonala, eta era berean, bere bizitza eta ondarearen berri ematen duena.<br>Ingo Niebel historialari eta kazetariak itzuli du alemanera Goioganak argitaratutako edizio kritikoa<br><a href=\"http:\/\/www.lehendakariagirre.eu\" target=\"_blank\" rel=\"noopener\">AL50<\/a> web-gunea  <\/p>\n<\/div><\/div>\n\n<\/div><\/div>\n\n<style>.wp-block-kadence-advancedheading.kt-adv-heading928_8dac10-2c, .wp-block-kadence-advancedheading.kt-adv-heading928_8dac10-2c[data-kb-block=\"kb-adv-heading928_8dac10-2c\"]{text-align:center;font-style:normal;}.wp-block-kadence-advancedheading.kt-adv-heading928_8dac10-2c mark.kt-highlight, .wp-block-kadence-advancedheading.kt-adv-heading928_8dac10-2c[data-kb-block=\"kb-adv-heading928_8dac10-2c\"] mark.kt-highlight{font-style:normal;color:#f76a0c;-webkit-box-decoration-break:clone;box-decoration-break:clone;padding-top:0px;padding-right:0px;padding-bottom:0px;padding-left:0px;}<\/style>\n<h2 class=\"kt-adv-heading928_8dac10-2c wp-block-kadence-advancedheading\" data-kb-block=\"kb-adv-heading928_8dac10-2c\"><strong>\/\/ Itzultzailearen oharra<\/strong><\/h2>\n\n\n\n<p>Jos\u00e9 Antonio Agirre euskal presidente (lehendakari)aren egunkariaren alemanierazko itzulpena oinarritzen da I\u00f1aki Goioganak egindako transkripzioan, horrek egunkariaren facs\u00edmile ediziorako egindako oharrak barne hartzen dituena. Azken honek 1941eko urtarriletik 1942ko maiatzera bitarteko bost egutegi azkarrak jasotzen ditu. Sabino Arana Fundazioak (SAF) argitaratu zituen 2010ean Agirrek 50. urteurrenean, bere heriotzaren urtemugan, bai inprimatutako bertsioan bai baita ere <a href=\"http:\/\/www.lehendakariagirre.eu\/\" target=\"_blank\" rel=\"noopener\">www.lehendakariagirre.eu<\/a> webgunean deskargatzeko formatu digitalean.<a href=\"#_ftn1\" id=\"_ftnref\">[1]<\/a> Bertan Agirreren beste zenbait testu ere aurki daitezke PDF formatuan.  <\/p>\n\n\n\n<p>75.urteurrenaren harira, Agirrek 1941eko udaberrian, identitate faltsuarekin, Alemania Nazia zeharkatuz, Suediara ihes egin zuenetik, \u201eGernika\u201c, Kultur Elkarte Germanovasco\/Euskal Etxea Berlingo elkarteak, 1941eko urtarrilaren 7tik maiatzaren 23ra bitarteko Agirreren eguneroak itzultzeko lana eskatu zuen, zeintzuetan Agirrek Hamburgon eta Berlingo igarotako denbora islatzen den.<\/p>\n\n\n\n<p>Alemana itzulpenak, batetik, alemanezko hiztunekiko publiko bati zuzenduta dago eta bestetik, Goioganak egindako transkripzio osoa ez du estaltzen, egokitzapenak jaso ditu. Beste aldea da, ahal den neurrian, Agirrek, alemaniarra ez zekiena, toki eta pertsonen izenak idatzi zituen modua zuzentzen dela. Goioganak, aldiz, transkripzioan mantendu zituen izen horiek, jatorrizkoaren egiazkotasuna errespetatuz.  <\/p>\n\n\n\n<p>Horregatik, zalantzarik izanez gero, bere testuari eta goian aipatutako edizioaren facs\u00edmileari erreferentzia egin behar zaie.<\/p>\n\n\n\n<p>Alemanierazko itzulpenan, Agirrek euskaraz erabilitako hitzak errespetatu dira, izan ere, horiek bere euskal izaera adierazteko zuen modua ziren.<\/p>\n\n\n\n<p>Bere oharretan, Goioganak ere Agirren autobiografia &#8220;De Guernica a Nueva York pasando por Berl\u00edn&#8221; lanei egiten die erreferentzia. Hain zuzen ere, alemanierazko itzulpenak, &#8220;Diario de Alemania del doctor \u00c1lvarez Lastra&#8221; kapituluko pasarteei dagozkienak, Christine Paasch-Kaiser doktoreak egin zituen, &#8220;Gernika&#8221;, Euskal Etxea Berl\u00edn Alemaniarako Kultur Elkarteak enkargatuta.<\/p>\n\n\n\n<p>Itzultzaileak eskerrak ematen dizkie Unai Lauzirikari eta Christian Hahneri, Leipzigeko Unibertsitateko kideei, alemanierazko testuak zuzentzeagatik eta lan honetan emandako laguntzagatik. Era berean, egindako itzulpen guztien erantzukizun osoa bere gain hartzen du. <\/p>\n\n\n\n<p>Dr. Ingo Niebel <br>K\u00f6ln, 2016ko maiatza<\/p>\n\n\n\n<p><a href=\"#_ftnref\" id=\"_ftn1\">[1]<\/a> Sabino Arana Fundazioa, arg. Jos\u00e9 Antonio Agirre Lekube. Diario 1941-1941. Bilbo: SAF, 2010.   <\/p>\n","protected":false},"excerpt":{"rendered":"<p>1941\/06\/08 \u2013 Jose Antonio Agirre Lekube, bizi izan zen etxeko lorategian.\u24b8 Sabino Arana Fundazioa Jose Antonio Agirre lehendakariaren egunkariaren edizio kritikoa I\u00f1aki Goiogana historialari eta Sabino Arana Fundazioko artxibozainak prestatu zuen 2010ean.Agirreri buruzko informazio guztia, bere obra eta ikus-entzunezko funtsak www.lehendakariagirre.eu web-gunean kontsultatu daitezke euskaraz, gazteleraz, inglesez eta frantsesez . Sabino Arana Fundazioak zuzendua, Agirre&#8230;<\/p>\n","protected":false},"author":1,"featured_media":0,"comment_status":"open","ping_status":"open","sticky":false,"template":"","format":"standard","meta":{"_kad_blocks_custom_css":"","_kad_blocks_head_custom_js":"","_kad_blocks_body_custom_js":"","_kad_blocks_footer_custom_js":"","_kad_post_transparent":"","_kad_post_title":"","_kad_post_layout":"","_kad_post_sidebar_id":"","_kad_post_content_style":"","_kad_post_vertical_padding":"","_kad_post_feature":"","_kad_post_feature_position":"","_kad_post_header":false,"_kad_post_footer":false,"footnotes":""},"categories":[1],"tags":[],"class_list":["post-928","post","type-post","status-publish","format-standard","hentry","category-sin-categoria"],"taxonomy_info":{"category":[{"value":1,"label":"Sin categor\u00eda"}]},"featured_image_src_large":false,"author_info":{"display_name":"Sirope","author_link":"https:\/\/agirreinberlin.eus\/eu\/author\/jon\/"},"comment_info":0,"category_info":[{"term_id":1,"name":"Sin categor\u00eda","slug":"sin-categoria","term_group":0,"term_taxonomy_id":1,"taxonomy":"category","description":"","parent":0,"count":8,"filter":"raw","cat_ID":1,"category_count":8,"category_description":"","cat_name":"Sin categor\u00eda","category_nicename":"sin-categoria","category_parent":0}],"tag_info":false,"_links":{"self":[{"href":"https:\/\/agirreinberlin.eus\/eu\/wp-json\/wp\/v2\/posts\/928","targetHints":{"allow":["GET"]}}],"collection":[{"href":"https:\/\/agirreinberlin.eus\/eu\/wp-json\/wp\/v2\/posts"}],"about":[{"href":"https:\/\/agirreinberlin.eus\/eu\/wp-json\/wp\/v2\/types\/post"}],"author":[{"embeddable":true,"href":"https:\/\/agirreinberlin.eus\/eu\/wp-json\/wp\/v2\/users\/1"}],"replies":[{"embeddable":true,"href":"https:\/\/agirreinberlin.eus\/eu\/wp-json\/wp\/v2\/comments?post=928"}],"version-history":[{"count":1,"href":"https:\/\/agirreinberlin.eus\/eu\/wp-json\/wp\/v2\/posts\/928\/revisions"}],"predecessor-version":[{"id":1349,"href":"https:\/\/agirreinberlin.eus\/eu\/wp-json\/wp\/v2\/posts\/928\/revisions\/1349"}],"wp:attachment":[{"href":"https:\/\/agirreinberlin.eus\/eu\/wp-json\/wp\/v2\/media?parent=928"}],"wp:term":[{"taxonomy":"category","embeddable":true,"href":"https:\/\/agirreinberlin.eus\/eu\/wp-json\/wp\/v2\/categories?post=928"},{"taxonomy":"post_tag","embeddable":true,"href":"https:\/\/agirreinberlin.eus\/eu\/wp-json\/wp\/v2\/tags?post=928"}],"curies":[{"name":"wp","href":"https:\/\/api.w.org\/{rel}","templated":true}]}}